{"id":7385,"date":"2025-10-13T10:59:42","date_gmt":"2025-10-13T10:59:42","guid":{"rendered":"https:\/\/institutodependencia.edu.es\/?p=7385"},"modified":"2025-10-13T11:01:51","modified_gmt":"2025-10-13T11:01:51","slug":"jornada-cuidar-con-fuerza-la-fragilidad-desde-todos-los-frentes","status":"publish","type":"post","link":"https:\/\/institutodependencia.edu.es\/pt_br\/jornada-cuidar-con-fuerza-la-fragilidad-desde-todos-los-frentes\/","title":{"rendered":"Jornada \u201cCuidar con fuerza: la fragilidad desde todos los frentes\u201d"},"content":{"rendered":"<p>El 14 de octubre, el <a href=\"https:\/\/www.codem.es\/inicio\" target=\"_blank\" rel=\"noreferrer noopener\"><strong>Colegio Oficial de Enfermer\u00eda de Madrid (CODEM)<\/strong><\/a> acoger\u00e1 la jornada cient\u00edfica organizada por la <strong><a href=\"https:\/\/www.smgg.es\/\" target=\"_blank\" rel=\"noreferrer noopener\">Sociedad Madrile\u00f1a de Geriatr\u00eda y Gerontolog\u00eda (SMGG)<\/a> <\/strong>e a <a href=\"https:\/\/www.ameenfermeria.com\/\" target=\"_blank\" rel=\"noreferrer noopener\"><strong>Asociaci\u00f3n Madrile\u00f1a de Enfermer\u00eda Gerontol\u00f3gica (AMEG)<\/strong><\/a>, bajo el lema \u201cCuidar con fuerza: la fragilidad desde todos los frentes\u201d.<\/p>\n\n\n\n<p>Esta jornada, solicitada para acreditaci\u00f3n por la Comisi\u00f3n de Formaci\u00f3n Continuada del Sistema Nacional de Salud de la Comunidad de Madrid, est\u00e1 dirigida a profesionales de la salud interesados en profundizar en el manejo de la fragilidad en personas mayores.<\/p>\n\n\n\n<h3 class=\"wp-block-heading\">Programa<\/h3>\n\n\n\n<ul class=\"wp-block-list\">\n<li><strong>8:30 \u2013 9:00<\/strong>: Entrega de documentaci\u00f3n.<\/li>\n\n\n\n<li><strong>9:00 \u2013 9:30<\/strong>: Acto inaugural.<\/li>\n\n\n\n<li><strong>9:30 \u2013 10:00<\/strong>: Mesa inaugural: \u201cAlimentaci\u00f3n y nutrici\u00f3n en residencias de mayores\u201d. Ponente: Dr. Jes\u00fas Mateos del Nozal, Geriatra.<\/li>\n\n\n\n<li><strong>10:00 \u2013 10:30<\/strong>: Mesa: \u201cLa fragilidad con claridad\u201d. Ponente: Dra. Cristina Bermejo Boixareu, Geriatra.<\/li>\n\n\n\n<li><strong>10:30 \u2013 11:00<\/strong>: Showcooking. Ponente: D. Salvador Aparicio Moll\u00e1, Dietista-Nutricionista.<\/li>\n\n\n\n<li><strong>11:00 \u2013 11:30<\/strong>: Coffee Break.<\/li>\n\n\n\n<li><strong>11:30 \u2013 12:30<\/strong>: Mesa debate nutrici\u00f3n: \u201cAclarando las controversias m\u00e1s relevantes de fragilidad y sarcopenia\u201d. Ponentes: D\u00aa. Mar\u00eda Nieves Vaquero Pinto y D\u00aa. Marina Verano de la Torre, Enfermeras especialistas en enfermer\u00eda geri\u00e1trica.<\/li>\n\n\n\n<li><strong>12:30 \u2013 13:30<\/strong>: Mesa redonda sarcopenia: \u201cMenos pastillas y m\u00e1s zapatillas\u201d. Ponentes: D. Jimmy Mart\u00edn Gonzales Tur\u00edn, Geriatra, y Dr. Alejandro \u00c1lvarez Bustos, Fisioterapeuta.<\/li>\n\n\n\n<li><strong>13:30 \u2013 14:00<\/strong>: Highlights y acto de clausura.<\/li>\n<\/ul>\n\n\n\n<p>La jornada representa una oportunidad \u00fanica para intercambiar experiencias y aprender de proyectos que buscan mejorar la atenci\u00f3n a las personas mayores, fomentando un entorno m\u00e1s amable, seguro y centrado en sus necesidades.<\/p>","protected":false},"excerpt":{"rendered":"<p>El 14 de octubre, el Colegio Oficial de Enfermer\u00eda de Madrid (CODEM) acoger\u00e1 la jornada cient\u00edfica organizada por la Sociedad Madrile\u00f1a de Geriatr\u00eda y Gerontolog\u00eda (SMGG) y la Asociaci\u00f3n Madrile\u00f1a de Enfermer\u00eda Gerontol\u00f3gica (AMEG), bajo el lema \u201cCuidar con fuerza: la fragilidad desde todos los frentes\u201d. Esta jornada, solicitada para acreditaci\u00f3n por la Comisi\u00f3n de [&hellip;]<\/p>\n","protected":false},"author":4,"featured_media":7386,"comment_status":"open","ping_status":"open","sticky":false,"template":"","format":"standard","meta":{"_jf_limit_responses":"","footnotes":""},"categories":[24],"tags":[],"class_list":["post-7385","post","type-post","status-publish","format-standard","has-post-thumbnail","hentry","category-actualidad"],"_links":{"self":[{"href":"https:\/\/institutodependencia.edu.es\/pt_br\/wp-json\/wp\/v2\/posts\/7385","targetHints":{"allow":["GET"]}}],"collection":[{"href":"https:\/\/institutodependencia.edu.es\/pt_br\/wp-json\/wp\/v2\/posts"}],"about":[{"href":"https:\/\/institutodependencia.edu.es\/pt_br\/wp-json\/wp\/v2\/types\/post"}],"author":[{"embeddable":true,"href":"https:\/\/institutodependencia.edu.es\/pt_br\/wp-json\/wp\/v2\/users\/4"}],"replies":[{"embeddable":true,"href":"https:\/\/institutodependencia.edu.es\/pt_br\/wp-json\/wp\/v2\/comments?post=7385"}],"version-history":[{"count":3,"href":"https:\/\/institutodependencia.edu.es\/pt_br\/wp-json\/wp\/v2\/posts\/7385\/revisions"}],"predecessor-version":[{"id":7390,"href":"https:\/\/institutodependencia.edu.es\/pt_br\/wp-json\/wp\/v2\/posts\/7385\/revisions\/7390"}],"wp:featuredmedia":[{"embeddable":true,"href":"https:\/\/institutodependencia.edu.es\/pt_br\/wp-json\/wp\/v2\/media\/7386"}],"wp:attachment":[{"href":"https:\/\/institutodependencia.edu.es\/pt_br\/wp-json\/wp\/v2\/media?parent=7385"}],"wp:term":[{"taxonomy":"category","embeddable":true,"href":"https:\/\/institutodependencia.edu.es\/pt_br\/wp-json\/wp\/v2\/categories?post=7385"},{"taxonomy":"post_tag","embeddable":true,"href":"https:\/\/institutodependencia.edu.es\/pt_br\/wp-json\/wp\/v2\/tags?post=7385"}],"curies":[{"name":"wp","href":"https:\/\/api.w.org\/{rel}","templated":true}]}}