{"id":3164,"date":"2022-11-08T13:17:42","date_gmt":"2022-11-08T13:17:42","guid":{"rendered":"https:\/\/www.institutodependencia.edu.es\/?p=3164"},"modified":"2024-04-24T12:29:01","modified_gmt":"2024-04-24T12:29:01","slug":"premios-senda-14-de-noviembre","status":"publish","type":"post","link":"https:\/\/institutodependencia.edu.es\/pt_br\/premios-senda-14-de-noviembre\/","title":{"rendered":"Pr\u00eamio SENDA: no dia 14 de novembro conhecemos os vencedores"},"content":{"rendered":"<p>Cerim\u00f4nia de premia\u00e7\u00e3o do XIII <a href=\"https:\/\/www.gruposenda.es\/\" target=\"_blank\" rel=\"noopener noreferrer nofollow\">ACOMPANHAR <\/a>\u00c9 no dia 14 de novembro, \u00e0s 12h00, na CaixaForum. Como todos os anos, os pr\u00e9mios s\u00e3o atribu\u00eddos em reconhecimento a todos <b style=\"mso-bidi-font-weight: normal;\">aqueles que cuidam de idosos e\/ou em situa\u00e7\u00e3o de depend\u00eancia<\/b>, e que contribuem para facilitar a vida de quem mais precisa.<br \/><br \/>Neste sentido, entre os diferentes pr\u00e9mios destacam-se: Promo\u00e7\u00e3o do Envelhecimento Ativo, Sa\u00fade e Bem-Estar, Iniciativa P\u00fablica e Desafio Demogr\u00e1fico, no <b style=\"mso-bidi-font-weight: normal;\">Categoria s\u00eanior<\/b>; Iniciativa Inovadora, Iniciativa P\u00fablica, Profissional do Setor e Juntos Cuidamos, no <b style=\"mso-bidi-font-weight: normal;\">Categoria s\u00f3cio-sa\u00fade<\/b>.<\/p>\n<p><!-- \/wp:post-content --><br \/><!-- wp:paragraph --><\/p>\n<p>Al\u00e9m das categorias acima mencionadas, a gala tamb\u00e9m apresentar\u00e1 os <b style=\"mso-bidi-font-weight: normal;\">VIII Pr\u00eamio EULEN-SENDA <\/b>lideran\u00e7a dos idosos e <b style=\"mso-bidi-font-weight: normal;\">Pr\u00eamio S\u00eanior do Ano 2022<\/b>.<\/p>\n<p><!-- \/wp:paragraph --><\/p>\n<p><!-- wp:paragraph --><\/p>\n<h2><b style=\"mso-bidi-font-weight: normal;\">Charo Reina vencedora do Pr\u00eamio S\u00eanior do Ano 2022<\/b><\/h2>\n<p><!-- \/wp:paragraph --><\/p>\n<p><!-- wp:paragraph --><\/p>\n<p>O <b style=\"mso-bidi-font-weight: normal;\">artista Charo Reina<\/b> \u00e9 o Pr\u00e9mio S\u00e9nior do Ano da 13\u00aa edi\u00e7\u00e3o dos Pr\u00e9mios SENDA, um claro reconhecimento do seu percurso profissional na m\u00fasica e no mundo da representa\u00e7\u00e3o. Da mesma forma, a artista foi premiada por ser um modelo de maturidade ativa e por seu firme compromisso com <b style=\"mso-bidi-font-weight: normal;\">causas sociais que visam empoderar os idosos<\/b>.<\/p>\n<p><!-- \/wp:paragraph --><br \/><!-- wp:paragraph --><\/p>\n<p>No caso do Pr\u00e9mio EULEN-SENDA para lideran\u00e7a de pessoas idosas, o vencedor foi <b style=\"mso-bidi-font-weight: normal;\">Tricio Bale<\/b>, presidente do <b style=\"mso-bidi-font-weight: normal;\">Uni\u00e3o Democr\u00e1tica de Pensionistas e Aposentados da Espanha<\/b> (UDP).<\/p>\n<p><!-- \/wp:paragraph --><br \/><!-- wp:paragraph --><\/p>\n<p>Pode <b style=\"mso-bidi-font-weight: normal;\">conhe\u00e7a o resto dos vencedores <\/b>no seguinte link do <a href=\"https:\/\/www.gruposenda.es\/noticias\/charo-reina-es-el-premio-senior-del-ano-2022\/\" target=\"_blank\" rel=\"noopener noreferrer nofollow\">XIII Pr\u00eamios SENDA<\/a>.<\/p>\n<p><!-- \/wp:paragraph --><br \/><!-- wp:image {\"align\":\"center\",\"id\":3182,\"sizeSlug\":\"full\",\"linkDestination\":\"none\"} --><\/p>\n<figure><img decoding=\"async\" src=\"https:\/\/www.institutodependencia.edu.es\/wp-content\/uploads\/2022\/11\/Gala-de-entrega-Premios-SENDA.png\" alt=\"Premios SENDA colocados encima de una mesa\" \/>\n<p>\u00a0<\/p>\n<figcaption>A gala dos Pr\u00e9mios SENDA realiza-se com o apoio de diversas empresas do sector da assist\u00eancia a idosos<\/figcaption>\n<\/figure>\n<p><!-- \/wp:image --><\/p>\n<h2><b style=\"mso-bidi-font-weight: normal;\">Como se inscrever na gala dos pr\u00eamios SENDA<\/b><\/h2>\n<p><!-- \/wp:paragraph --><\/p>\n<p><!-- wp:paragraph --><\/p>\n<p>Se quiser assistir \u00e0 cerim\u00f3nia de entrega de pr\u00e9mios no dia 14 de novembro na CaixaForum, pode <b style=\"mso-bidi-font-weight: normal;\">cadastre-se online e gratuitamente<\/b> preenchendo o <a href=\"https:\/\/www.gruposenda.es\/noticias\/te-esperamos-en-los-xiii-premios-senda\/\" target=\"_blank\" rel=\"noopener noreferrer nofollow\">forma <\/a>que o Grupo SENDA publicou em seu site.<\/p>\n<p><!-- \/wp:paragraph --><br \/><!-- wp:paragraph --><\/p>\n<p>Nesta <b style=\"mso-bidi-font-weight: normal;\">XIII edi\u00e7\u00e3o<\/b>, os Pr\u00e9mios SENDA s\u00e3o patrocinados pela Asispa, Essence SmartCare Espa\u00f1a Eulen Sociosanitarios e Indas, e com a colabora\u00e7\u00e3o da Amavir, Ilunion Sociosanitario e Sanitas Mayores.<\/p>\n<p><!-- \/wp:paragraph --><\/p>","protected":false},"excerpt":{"rendered":"<p>La gala de entrega de los XIII Premios SENDA es el 14 de noviembre, a las 12:00 horas, en CaixaForum. Como cada a\u00f1o, los premios se entregan como reconocimiento a todos aquellos que cuidan de las personas mayores y\/o en situaci\u00f3n de dependencia, y que contribuyen a facilitar la vida de quien m\u00e1s lo necesita. [&hellip;]<\/p>\n","protected":false},"author":2,"featured_media":5440,"comment_status":"open","ping_status":"open","sticky":false,"template":"","format":"standard","meta":{"_jf_limit_responses":"","footnotes":""},"categories":[24],"tags":[],"class_list":["post-3164","post","type-post","status-publish","format-standard","has-post-thumbnail","hentry","category-actualidad"],"_links":{"self":[{"href":"https:\/\/institutodependencia.edu.es\/pt_br\/wp-json\/wp\/v2\/posts\/3164","targetHints":{"allow":["GET"]}}],"collection":[{"href":"https:\/\/institutodependencia.edu.es\/pt_br\/wp-json\/wp\/v2\/posts"}],"about":[{"href":"https:\/\/institutodependencia.edu.es\/pt_br\/wp-json\/wp\/v2\/types\/post"}],"author":[{"embeddable":true,"href":"https:\/\/institutodependencia.edu.es\/pt_br\/wp-json\/wp\/v2\/users\/2"}],"replies":[{"embeddable":true,"href":"https:\/\/institutodependencia.edu.es\/pt_br\/wp-json\/wp\/v2\/comments?post=3164"}],"version-history":[{"count":1,"href":"https:\/\/institutodependencia.edu.es\/pt_br\/wp-json\/wp\/v2\/posts\/3164\/revisions"}],"predecessor-version":[{"id":5441,"href":"https:\/\/institutodependencia.edu.es\/pt_br\/wp-json\/wp\/v2\/posts\/3164\/revisions\/5441"}],"wp:featuredmedia":[{"embeddable":true,"href":"https:\/\/institutodependencia.edu.es\/pt_br\/wp-json\/wp\/v2\/media\/5440"}],"wp:attachment":[{"href":"https:\/\/institutodependencia.edu.es\/pt_br\/wp-json\/wp\/v2\/media?parent=3164"}],"wp:term":[{"taxonomy":"category","embeddable":true,"href":"https:\/\/institutodependencia.edu.es\/pt_br\/wp-json\/wp\/v2\/categories?post=3164"},{"taxonomy":"post_tag","embeddable":true,"href":"https:\/\/institutodependencia.edu.es\/pt_br\/wp-json\/wp\/v2\/tags?post=3164"}],"curies":[{"name":"wp","href":"https:\/\/api.w.org\/{rel}","templated":true}]}}