{"id":7420,"date":"2025-10-28T11:16:07","date_gmt":"2025-10-28T11:16:07","guid":{"rendered":"https:\/\/institutodependencia.edu.es\/?p=7420"},"modified":"2025-10-28T11:39:07","modified_gmt":"2025-10-28T11:39:07","slug":"xxi-jornadas-del-duelo","status":"publish","type":"post","link":"https:\/\/institutodependencia.edu.es\/pt\/xxi-jornadas-del-duelo\/","title":{"rendered":"XXI Jornadas sobre Duelo"},"content":{"rendered":"<p><a href=\"https:\/\/www.humanizar.es\/formacion\" target=\"_blank\" rel=\"noreferrer noopener\">El Centro de Humanizaci\u00f3n de la Salud<\/a> organiza las XXI Jornadas sobre Duelo, que se llevar\u00e1n a cabo los d\u00edas 12 y 13 de noviembre de 2025, en modalidad presencial. Este encuentro est\u00e1 pensado para ofrecer estrategias y herramientas que ayuden a acompa\u00f1ar el duelo de manera consciente y acompa\u00f1ada.<\/p>\n\n\n\n<p>Quienes no puedan asistir de manera presencial podr\u00e1n seguir las jornadas a trav\u00e9s del canal de YouTube del Centro, garantizando el acceso a los contenidos desde cualquier lugar.<\/p>\n\n\n\n<p>Los participantes presenciales recibir\u00e1n un libro como complemento formativo, que profundiza en los temas tratados durante las sesiones. Cabe destacar que el certificado de participaci\u00f3n ser\u00e1 entregado \u00fanicamente a quienes se inscriban en esta modalidad.<\/p>\n\n\n\n<p>Las jornadas representan una oportunidad para reflexionar sobre el duelo, compartir experiencias y fortalecer un enfoque humanizado en el acompa\u00f1amiento.<\/p>\n\n\n\n<p><strong>Inscripci\u00f3n:<\/strong> <a href=\"https:\/\/www.humanizar.es\/formulario-de-inscripcion-jornadas?course=239&amp;cHash=90ad8ae901e88042411234073de99535\" target=\"_blank\" rel=\"noopener noreferrer nofollow\">https:\/\/www.humanizar.es\/formulario-de-inscripcion-jornadas?course=239&amp;cHash=90ad8ae901e88042411234073de99535<\/a><\/p>\n\n\n\n<figure class=\"wp-block-image size-large\"><img fetchpriority=\"high\" decoding=\"async\" width=\"724\" height=\"1024\" src=\"https:\/\/institutodependencia.edu.es\/wp-content\/uploads\/2025\/10\/202-5_Cartel-XXI-Jornadas-Duelo--724x1024.webp\" alt=\"\" class=\"wp-image-7421\" srcset=\"https:\/\/institutodependencia.edu.es\/wp-content\/uploads\/2025\/10\/202-5_Cartel-XXI-Jornadas-Duelo--724x1024.webp 724w, https:\/\/institutodependencia.edu.es\/wp-content\/uploads\/2025\/10\/202-5_Cartel-XXI-Jornadas-Duelo--212x300.webp 212w, https:\/\/institutodependencia.edu.es\/wp-content\/uploads\/2025\/10\/202-5_Cartel-XXI-Jornadas-Duelo--768x1086.webp 768w, https:\/\/institutodependencia.edu.es\/wp-content\/uploads\/2025\/10\/202-5_Cartel-XXI-Jornadas-Duelo--8x12.webp 8w, https:\/\/institutodependencia.edu.es\/wp-content\/uploads\/2025\/10\/202-5_Cartel-XXI-Jornadas-Duelo--600x848.webp 600w, https:\/\/institutodependencia.edu.es\/wp-content\/uploads\/2025\/10\/202-5_Cartel-XXI-Jornadas-Duelo--64x90.webp 64w, https:\/\/institutodependencia.edu.es\/wp-content\/uploads\/2025\/10\/202-5_Cartel-XXI-Jornadas-Duelo-.webp 849w\" sizes=\"(max-width: 724px) 100vw, 724px\" \/><\/figure>","protected":false},"excerpt":{"rendered":"<p>El Centro de Humanizaci\u00f3n de la Salud organiza las XXI Jornadas sobre Duelo, que se llevar\u00e1n a cabo los d\u00edas 12 y 13 de noviembre de 2025, en modalidad presencial. Este encuentro est\u00e1 pensado para ofrecer estrategias y herramientas que ayuden a acompa\u00f1ar el duelo de manera consciente y acompa\u00f1ada. Quienes no puedan asistir de [&hellip;]<\/p>\n","protected":false},"author":4,"featured_media":7423,"comment_status":"open","ping_status":"open","sticky":false,"template":"","format":"standard","meta":{"_jf_limit_responses":"","footnotes":""},"categories":[24],"tags":[],"class_list":["post-7420","post","type-post","status-publish","format-standard","has-post-thumbnail","hentry","category-actualidad"],"_links":{"self":[{"href":"https:\/\/institutodependencia.edu.es\/pt\/wp-json\/wp\/v2\/posts\/7420","targetHints":{"allow":["GET"]}}],"collection":[{"href":"https:\/\/institutodependencia.edu.es\/pt\/wp-json\/wp\/v2\/posts"}],"about":[{"href":"https:\/\/institutodependencia.edu.es\/pt\/wp-json\/wp\/v2\/types\/post"}],"author":[{"embeddable":true,"href":"https:\/\/institutodependencia.edu.es\/pt\/wp-json\/wp\/v2\/users\/4"}],"replies":[{"embeddable":true,"href":"https:\/\/institutodependencia.edu.es\/pt\/wp-json\/wp\/v2\/comments?post=7420"}],"version-history":[{"count":4,"href":"https:\/\/institutodependencia.edu.es\/pt\/wp-json\/wp\/v2\/posts\/7420\/revisions"}],"predecessor-version":[{"id":7427,"href":"https:\/\/institutodependencia.edu.es\/pt\/wp-json\/wp\/v2\/posts\/7420\/revisions\/7427"}],"wp:featuredmedia":[{"embeddable":true,"href":"https:\/\/institutodependencia.edu.es\/pt\/wp-json\/wp\/v2\/media\/7423"}],"wp:attachment":[{"href":"https:\/\/institutodependencia.edu.es\/pt\/wp-json\/wp\/v2\/media?parent=7420"}],"wp:term":[{"taxonomy":"category","embeddable":true,"href":"https:\/\/institutodependencia.edu.es\/pt\/wp-json\/wp\/v2\/categories?post=7420"},{"taxonomy":"post_tag","embeddable":true,"href":"https:\/\/institutodependencia.edu.es\/pt\/wp-json\/wp\/v2\/tags?post=7420"}],"curies":[{"name":"wp","href":"https:\/\/api.w.org\/{rel}","templated":true}]}}