{"id":7394,"date":"2025-10-21T12:56:00","date_gmt":"2025-10-21T12:56:00","guid":{"rendered":"https:\/\/institutodependencia.edu.es\/?p=7394"},"modified":"2025-10-21T13:17:05","modified_gmt":"2025-10-21T13:17:05","slug":"x-congreso-internacional-dependencia-y-calidad-de-vida-cuidando-juntos-cuidaremos-mejor","status":"publish","type":"post","link":"https:\/\/institutodependencia.edu.es\/pt\/x-congreso-internacional-dependencia-y-calidad-de-vida-cuidando-juntos-cuidaremos-mejor\/","title":{"rendered":"X Congreso Internacional Dependencia y Calidad de Vida \u201cCuidando Juntos, Cuidaremos Mejor\u201d"},"content":{"rendered":"<p>Ele <strong>X Congreso Internacional Dependencia y Calidad de Vida \u201cCuidando Juntos, Cuidaremos Mejor\u201d<\/strong>, organizado por la <strong>Fundaci\u00f3n Edad&amp;Vida<\/strong>, se celebrar\u00e1 los pr\u00f3ximos <strong>11 y 12 de noviembre de 2025<\/strong> no <strong>Auditorio L\u2019Illa de Barcelona<\/strong>, con opci\u00f3n de participaci\u00f3n <strong>virtual disponible<\/strong>.<\/p>\n\n\n\n<p>Este congreso reunir\u00e1 a <strong>expertos nacionales e internacionales del \u00e1mbito sociosanitario<\/strong> para reflexionar sobre los retos y oportunidades en la integraci\u00f3n de los servicios sociales y de salud dirigidos a las personas mayores dependientes. Su objetivo es compartir experiencias, promover el conocimiento y avanzar hacia modelos de atenci\u00f3n m\u00e1s integrados, sostenibles y centrados en la persona.<\/p>\n\n\n\n<p>El programa incluye cuatro m\u00f3dulos principales, centrados en sostenibilidad, modelos internacionales de integraci\u00f3n, experiencias pr\u00e1cticas y el valor social y econ\u00f3mico de los cuidados, adem\u00e1s de doce sesiones paralelas con tem\u00e1ticas innovadoras.<\/p>\n\n\n\n<p>El congreso representa una oportunidad \u00fanica para aprender, compartir conocimiento y avanzar hacia una atenci\u00f3n m\u00e1s integrada y humana.<\/p>\n\n\n\n<p>Consulta el programa completo del evento<strong> <a href=\"https:\/\/edad-vida.org\/congreso2025\/#programa\" target=\"_blank\" rel=\"noreferrer noopener\">aqu\u00ed<\/a><\/strong><\/p>\n\n\n\n<p>&nbsp;Inscr\u00edbete en el X Congreso Internacional Dependencia y Calidad de Vida<strong> <a href=\"https:\/\/edad-vida.org\/congreso2025\/#inscripcion\" target=\"_blank\" rel=\"noreferrer noopener\">aqu\u00ed<\/a><\/strong><\/p>\n\n\n\n<figure class=\"wp-block-image size-large\"><img fetchpriority=\"high\" decoding=\"async\" width=\"921\" height=\"1024\" src=\"https:\/\/institutodependencia.edu.es\/wp-content\/uploads\/2025\/10\/1759842805919-921x1024.jpg\" alt=\"\" class=\"wp-image-7395\" srcset=\"https:\/\/institutodependencia.edu.es\/wp-content\/uploads\/2025\/10\/1759842805919-921x1024.jpg 921w, https:\/\/institutodependencia.edu.es\/wp-content\/uploads\/2025\/10\/1759842805919-270x300.jpg 270w, https:\/\/institutodependencia.edu.es\/wp-content\/uploads\/2025\/10\/1759842805919-768x854.jpg 768w, https:\/\/institutodependencia.edu.es\/wp-content\/uploads\/2025\/10\/1759842805919-11x12.jpg 11w, https:\/\/institutodependencia.edu.es\/wp-content\/uploads\/2025\/10\/1759842805919-1320x1467.jpg 1320w, https:\/\/institutodependencia.edu.es\/wp-content\/uploads\/2025\/10\/1759842805919-600x667.jpg 600w, https:\/\/institutodependencia.edu.es\/wp-content\/uploads\/2025\/10\/1759842805919-64x71.jpg 64w, https:\/\/institutodependencia.edu.es\/wp-content\/uploads\/2025\/10\/1759842805919.jpg 1382w\" sizes=\"(max-width: 921px) 100vw, 921px\" \/><\/figure>","protected":false},"excerpt":{"rendered":"<p>El X Congreso Internacional Dependencia y Calidad de Vida \u201cCuidando Juntos, Cuidaremos Mejor\u201d, organizado por la Fundaci\u00f3n Edad&amp;Vida, se celebrar\u00e1 los pr\u00f3ximos 11 y 12 de noviembre de 2025 en el Auditorio L\u2019Illa de Barcelona, con opci\u00f3n de participaci\u00f3n virtual disponible. Este congreso reunir\u00e1 a expertos nacionales e internacionales del \u00e1mbito sociosanitario para reflexionar sobre [&hellip;]<\/p>\n","protected":false},"author":4,"featured_media":7396,"comment_status":"open","ping_status":"open","sticky":false,"template":"","format":"standard","meta":{"_jf_limit_responses":"","footnotes":""},"categories":[24],"tags":[],"class_list":["post-7394","post","type-post","status-publish","format-standard","has-post-thumbnail","hentry","category-actualidad"],"_links":{"self":[{"href":"https:\/\/institutodependencia.edu.es\/pt\/wp-json\/wp\/v2\/posts\/7394","targetHints":{"allow":["GET"]}}],"collection":[{"href":"https:\/\/institutodependencia.edu.es\/pt\/wp-json\/wp\/v2\/posts"}],"about":[{"href":"https:\/\/institutodependencia.edu.es\/pt\/wp-json\/wp\/v2\/types\/post"}],"author":[{"embeddable":true,"href":"https:\/\/institutodependencia.edu.es\/pt\/wp-json\/wp\/v2\/users\/4"}],"replies":[{"embeddable":true,"href":"https:\/\/institutodependencia.edu.es\/pt\/wp-json\/wp\/v2\/comments?post=7394"}],"version-history":[{"count":10,"href":"https:\/\/institutodependencia.edu.es\/pt\/wp-json\/wp\/v2\/posts\/7394\/revisions"}],"predecessor-version":[{"id":7408,"href":"https:\/\/institutodependencia.edu.es\/pt\/wp-json\/wp\/v2\/posts\/7394\/revisions\/7408"}],"wp:featuredmedia":[{"embeddable":true,"href":"https:\/\/institutodependencia.edu.es\/pt\/wp-json\/wp\/v2\/media\/7396"}],"wp:attachment":[{"href":"https:\/\/institutodependencia.edu.es\/pt\/wp-json\/wp\/v2\/media?parent=7394"}],"wp:term":[{"taxonomy":"category","embeddable":true,"href":"https:\/\/institutodependencia.edu.es\/pt\/wp-json\/wp\/v2\/categories?post=7394"},{"taxonomy":"post_tag","embeddable":true,"href":"https:\/\/institutodependencia.edu.es\/pt\/wp-json\/wp\/v2\/tags?post=7394"}],"curies":[{"name":"wp","href":"https:\/\/api.w.org\/{rel}","templated":true}]}}