{"id":7319,"date":"2025-09-02T13:36:02","date_gmt":"2025-09-02T13:36:02","guid":{"rendered":"https:\/\/institutodependencia.edu.es\/?p=7319"},"modified":"2025-09-02T13:36:36","modified_gmt":"2025-09-02T13:36:36","slug":"xx-jornadas-de-cuidados-paliativos","status":"publish","type":"post","link":"https:\/\/institutodependencia.edu.es\/pt\/xx-jornadas-de-cuidados-paliativos\/","title":{"rendered":"XX Jornadas de Cuidados Paliativos"},"content":{"rendered":"<p>Ele <a href=\"https:\/\/www.humanizar.es\/\" target=\"_blank\" rel=\"noreferrer noopener\"><strong>Centro de Humaniza\u00e7\u00e3o em Sa\u00fade<\/strong><\/a> y el Centro Asistencial San Camilo celebrar\u00e1n los pr\u00f3ximos 8 y 9 de octubre de 2025 las XX Jornadas de Cuidados Paliativos, un evento consolidado como referente en la formaci\u00f3n, la reflexi\u00f3n y el intercambio de experiencias en torno a los cuidados paliativos.<\/p>\n\n\n\n<p>En esta vig\u00e9sima edici\u00f3n, las jornadas se desarrollar\u00e1n en modalidad presencial, ofreciendo un espacio de encuentro directo entre profesionales de distintas \u00e1reas. Adem\u00e1s, con el objetivo de llegar a un p\u00fablico m\u00e1s amplio, se podr\u00e1n seguir tambi\u00e9n de forma online a trav\u00e9s del canal de YouTube del Centro.<\/p>\n\n\n\n<p>Las Jornadas de Cuidados Paliativos representan una oportunidad \u00fanica para actualizar conocimientos, compartir buenas pr\u00e1cticas y reforzar la importancia de una atenci\u00f3n integral, tanto desde la perspectiva cl\u00ednica como desde el acompa\u00f1amiento humano.<\/p>\n\n\n\n<p>\ud83d\udc49 Inscr\u00edbete a la jornadas <a href=\"https:\/\/www.humanizar.es\/formulario-de-inscripcion-jornadas?course=238&amp;cHash=5d36c8417ff7aacf011a47f2c05b97a1\" target=\"_blank\" rel=\"noreferrer noopener\"><strong>aqu\u00ed<\/strong><\/a><\/p>\n\n\n\n<figure class=\"wp-block-image size-full\"><img fetchpriority=\"high\" decoding=\"async\" width=\"1131\" height=\"1508\" src=\"https:\/\/institutodependencia.edu.es\/wp-content\/uploads\/2025\/09\/1754470939162.jpg\" alt=\"\" class=\"wp-image-7321\" srcset=\"https:\/\/institutodependencia.edu.es\/wp-content\/uploads\/2025\/09\/1754470939162.jpg 1131w, https:\/\/institutodependencia.edu.es\/wp-content\/uploads\/2025\/09\/1754470939162-225x300.jpg 225w, https:\/\/institutodependencia.edu.es\/wp-content\/uploads\/2025\/09\/1754470939162-768x1024.jpg 768w, https:\/\/institutodependencia.edu.es\/wp-content\/uploads\/2025\/09\/1754470939162-9x12.jpg 9w, https:\/\/institutodependencia.edu.es\/wp-content\/uploads\/2025\/09\/1754470939162-600x800.jpg 600w, https:\/\/institutodependencia.edu.es\/wp-content\/uploads\/2025\/09\/1754470939162-64x85.jpg 64w\" sizes=\"(max-width: 1131px) 100vw, 1131px\" \/><\/figure>","protected":false},"excerpt":{"rendered":"<p>El Centro de Humanizaci\u00f3n de la Salud y el Centro Asistencial San Camilo celebrar\u00e1n los pr\u00f3ximos 8 y 9 de octubre de 2025 las XX Jornadas de Cuidados Paliativos, un evento consolidado como referente en la formaci\u00f3n, la reflexi\u00f3n y el intercambio de experiencias en torno a los cuidados paliativos. En esta vig\u00e9sima edici\u00f3n, las [&hellip;]<\/p>\n","protected":false},"author":4,"featured_media":7320,"comment_status":"open","ping_status":"open","sticky":false,"template":"","format":"standard","meta":{"_jf_limit_responses":"","footnotes":""},"categories":[24],"tags":[],"class_list":["post-7319","post","type-post","status-publish","format-standard","has-post-thumbnail","hentry","category-actualidad"],"_links":{"self":[{"href":"https:\/\/institutodependencia.edu.es\/pt\/wp-json\/wp\/v2\/posts\/7319","targetHints":{"allow":["GET"]}}],"collection":[{"href":"https:\/\/institutodependencia.edu.es\/pt\/wp-json\/wp\/v2\/posts"}],"about":[{"href":"https:\/\/institutodependencia.edu.es\/pt\/wp-json\/wp\/v2\/types\/post"}],"author":[{"embeddable":true,"href":"https:\/\/institutodependencia.edu.es\/pt\/wp-json\/wp\/v2\/users\/4"}],"replies":[{"embeddable":true,"href":"https:\/\/institutodependencia.edu.es\/pt\/wp-json\/wp\/v2\/comments?post=7319"}],"version-history":[{"count":3,"href":"https:\/\/institutodependencia.edu.es\/pt\/wp-json\/wp\/v2\/posts\/7319\/revisions"}],"predecessor-version":[{"id":7324,"href":"https:\/\/institutodependencia.edu.es\/pt\/wp-json\/wp\/v2\/posts\/7319\/revisions\/7324"}],"wp:featuredmedia":[{"embeddable":true,"href":"https:\/\/institutodependencia.edu.es\/pt\/wp-json\/wp\/v2\/media\/7320"}],"wp:attachment":[{"href":"https:\/\/institutodependencia.edu.es\/pt\/wp-json\/wp\/v2\/media?parent=7319"}],"wp:term":[{"taxonomy":"category","embeddable":true,"href":"https:\/\/institutodependencia.edu.es\/pt\/wp-json\/wp\/v2\/categories?post=7319"},{"taxonomy":"post_tag","embeddable":true,"href":"https:\/\/institutodependencia.edu.es\/pt\/wp-json\/wp\/v2\/tags?post=7319"}],"curies":[{"name":"wp","href":"https:\/\/api.w.org\/{rel}","templated":true}]}}