{"id":6513,"date":"2024-06-26T09:27:40","date_gmt":"2024-06-26T09:27:40","guid":{"rendered":"https:\/\/institutodependencia.edu.es\/?p=6513"},"modified":"2024-08-07T10:52:48","modified_gmt":"2024-08-07T10:52:48","slug":"jorge-matilla-paret-la-formacion-profesional-esta-en-un-momento-de-expansion","status":"publish","type":"post","link":"https:\/\/institutodependencia.edu.es\/pt\/jorge-matilla-paret-la-formacion-profesional-esta-en-un-momento-de-expansion\/","title":{"rendered":"Jorge Matilla Paret: \u201cLa Formaci\u00f3n Profesional en Espa\u00f1a est\u00e1 en un momento de expansi\u00f3n\u201d"},"content":{"rendered":"<div class=\"wp-block-group is-nowrap is-layout-flex wp-container-core-group-is-layout-6c531013 wp-block-group-is-layout-flex\">\n<p><a href=\"https:\/\/www.cesurformacion.com\/\" data-type=\"link\" data-id=\"https:\/\/www.cesurformacion.com\/\" target=\"_blank\" rel=\"noreferrer noopener\">o CESUR<\/a> posiciona-se como uma refer\u00eancia na \u00e1rea da Forma\u00e7\u00e3o Profissional em Espanha, oferecendo mais de 20 anos de experi\u00eancia e um cat\u00e1logo educativo diversificado que abrange mais de 100 graus. Presencialmente e remotamente, <a href=\"https:\/\/www.cesurformacion.com\/\" data-type=\"link\" data-id=\"https:\/\/www.cesurformacion.com\/\" target=\"_blank\" rel=\"noreferrer noopener\">o CESUR<\/a> Distingue-se pela qualidade e oficialidade dos seus programas de forma\u00e7\u00e3o, que incluem ciclos de licenciatura interm\u00e9dios, graus superiores e cursos de especializa\u00e7\u00e3o, todos eles rigorosamente aprovados.<\/p>\n\n\n\n<figure class=\"wp-block-image size-large\"><img fetchpriority=\"high\" decoding=\"async\" width=\"791\" height=\"1024\" src=\"http:\/\/institutodependencia.edu.es\/wp-content\/uploads\/2024\/06\/Jorge-Matilla-CESUR-editad-791x1024.jpg\" alt=\"\" class=\"wp-image-6566\" srcset=\"https:\/\/institutodependencia.edu.es\/wp-content\/uploads\/2024\/06\/Jorge-Matilla-CESUR-editad-791x1024.jpg 791w, https:\/\/institutodependencia.edu.es\/wp-content\/uploads\/2024\/06\/Jorge-Matilla-CESUR-editad-232x300.jpg 232w, https:\/\/institutodependencia.edu.es\/wp-content\/uploads\/2024\/06\/Jorge-Matilla-CESUR-editad-768x994.jpg 768w, https:\/\/institutodependencia.edu.es\/wp-content\/uploads\/2024\/06\/Jorge-Matilla-CESUR-editad-1187x1536.jpg 1187w, https:\/\/institutodependencia.edu.es\/wp-content\/uploads\/2024\/06\/Jorge-Matilla-CESUR-editad-1582x2048.jpg 1582w, https:\/\/institutodependencia.edu.es\/wp-content\/uploads\/2024\/06\/Jorge-Matilla-CESUR-editad-9x12.jpg 9w, https:\/\/institutodependencia.edu.es\/wp-content\/uploads\/2024\/06\/Jorge-Matilla-CESUR-editad-1320x1708.jpg 1320w, https:\/\/institutodependencia.edu.es\/wp-content\/uploads\/2024\/06\/Jorge-Matilla-CESUR-editad-600x777.jpg 600w, https:\/\/institutodependencia.edu.es\/wp-content\/uploads\/2024\/06\/Jorge-Matilla-CESUR-editad-64x83.jpg 64w, https:\/\/institutodependencia.edu.es\/wp-content\/uploads\/2024\/06\/Jorge-Matilla-CESUR-editad.jpg 1594w\" sizes=\"(max-width: 791px) 100vw, 791px\" \/><\/figure>\n<\/div>\n\n\n\n<div class=\"wp-block-group is-nowrap is-layout-flex wp-container-core-group-is-layout-6c531013 wp-block-group-is-layout-flex\">\n<p>N\u00f3s entrevistamos <a href=\"https:\/\/www.linkedin.com\/in\/jorgematilla\/\" target=\"_blank\" rel=\"noreferrer noopener\">Jorge Matilla Paret<\/a>, diretor do o CESUR, para explorar como este centro educativo continua a liderar na forma\u00e7\u00e3o profissional, adaptando-se \u00e0s necessidades do mercado de trabalho atual e apostando na excel\u00eancia acad\u00e9mica e na empregabilidade dos seus alunos.<\/p>\n<\/div>\n\n\n\n<h4 class=\"wp-block-heading\"><strong><strong><strong>Acha que o mercado de trabalho atual exige profissionais formados em Forma\u00e7\u00e3o Profissional?<\/strong>&nbsp;<\/strong><\/strong><\/h4>\n\n\n\n<p>Sem d\u00favida, o mercado de trabalho atual necessita da incorpora\u00e7\u00e3o de talentos dos alunos formados na Forma\u00e7\u00e3o Profissional, prova disso \u00e9 a elevada taxa de incorpora\u00e7\u00e3o laboral que estes estudos apresentam.&nbsp;<\/p>\n\n\n\n<p>O mercado de trabalho atual valoriza muito os alunos formados na Forma\u00e7\u00e3o Profissional devido \u00e0 sua prepara\u00e7\u00e3o te\u00f3rico-pr\u00e1tica.&nbsp;<\/p>\n\n\n\n<figure class=\"wp-block-image aligncenter size-large\"><img decoding=\"async\" width=\"1024\" height=\"684\" src=\"https:\/\/institutodependencia.edu.es\/wp-content\/uploads\/2024\/06\/CESUR-21-1024x684.jpg\" alt=\"\" class=\"wp-image-6522\" srcset=\"https:\/\/institutodependencia.edu.es\/wp-content\/uploads\/2024\/06\/CESUR-21-1024x684.jpg 1024w, https:\/\/institutodependencia.edu.es\/wp-content\/uploads\/2024\/06\/CESUR-21-300x200.jpg 300w, https:\/\/institutodependencia.edu.es\/wp-content\/uploads\/2024\/06\/CESUR-21-768x513.jpg 768w, https:\/\/institutodependencia.edu.es\/wp-content\/uploads\/2024\/06\/CESUR-21-1536x1026.jpg 1536w, https:\/\/institutodependencia.edu.es\/wp-content\/uploads\/2024\/06\/CESUR-21-2048x1368.jpg 2048w, https:\/\/institutodependencia.edu.es\/wp-content\/uploads\/2024\/06\/CESUR-21-18x12.jpg 18w, https:\/\/institutodependencia.edu.es\/wp-content\/uploads\/2024\/06\/CESUR-21-1320x882.jpg 1320w, https:\/\/institutodependencia.edu.es\/wp-content\/uploads\/2024\/06\/CESUR-21-600x401.jpg 600w, https:\/\/institutodependencia.edu.es\/wp-content\/uploads\/2024\/06\/CESUR-21-64x43.jpg 64w\" sizes=\"(max-width: 1024px) 100vw, 1024px\" \/><\/figure>\n\n\n\n<p><\/p>\n\n\n\n<h4 class=\"wp-block-heading\"><strong><strong><strong>Acha que essa demanda est\u00e1 chega aos jovens?<\/strong><\/strong><\/strong><\/h4>\n\n\n\n<p>Os jovens reconhecem cada vez mais as oportunidades e vantagens que a Forma\u00e7\u00e3o Profissional lhes oferece, fundamentalmente a elevada empregabilidade e a relev\u00e2ncia das compet\u00eancias adquiridas, o que os motiva a optar pela Forma\u00e7\u00e3o Profissional como op\u00e7\u00e3o preferencial na sua forma\u00e7\u00e3o. No entanto, tanto as administra\u00e7\u00f5es, como os centros educativos e as empresas t\u00eam de continuar a trabalhar em conjunto e de forma coordenada para que cada dia mais jovens tenham a informa\u00e7\u00e3o necess\u00e1ria para poderem tomar a decis\u00e3o mais adequada na escolha dos seus estudos.<\/p>\n\n\n\n<h4 class=\"wp-block-heading\"><strong><strong>\u00bf<strong>Quais s\u00e3o as fam\u00edlias de Forma\u00e7\u00e3o Profissional que registam atualmente maior procura no mercado de trabalho?<\/strong>&nbsp;<\/strong><\/strong><\/h4>\n\n\n\n<p>Da nossa experi\u00eancia no CESUR, podemos dizer que, em geral, a grande maioria das fam\u00edlias profissionais est\u00e1 a aumentar a sua procura para responder \u00e0s necessidades do mercado de trabalho, mas talvez possamos destacar todos os ciclos relacionados com a inform\u00e1tica e comunica\u00e7\u00f5es, sa\u00fade e sociologia. -servi\u00e7os de sa\u00fade, electricidade e electr\u00f3nica, com\u00e9rcio e marketing, administra\u00e7\u00e3o e gest\u00e3o, etc.&nbsp;<\/p>\n\n\n\n<h4 class=\"wp-block-heading\"><strong>Todos os centros de forma\u00e7\u00e3o s\u00e3o semelhantes? O que distingue o CESUR de outros centros de forma\u00e7\u00e3o?<\/strong><\/h4>\n\n\n\n<p>No CESUR distinguimo-nos fundamentalmente porque oferecemos aos alunos as melhores instala\u00e7\u00f5es, temos professores com experi\u00eancia no mundo empresarial e contamos com uma equipe de pessoas que trabalham nos centros com uma clara voca\u00e7\u00e3o para servir os alunos.  Com certeza, um aspecto diferenciador do CESUR \u00e9 o grande portf\u00f3lio de empresas colaboradoras que trabalham lado a lado connosco na forma\u00e7\u00e3o dos alunos. Colaboramos com empresas l\u00edderes em cada setor que tamb\u00e9m partilham connosco a voca\u00e7\u00e3o para a forma\u00e7\u00e3o. N\u00e3o posso citar todas as empresas que trabalham connosco na forma\u00e7\u00e3o de estudantes, mas para dar um exemplo das empresas com as quais trabalhamos: El Corte Ingl\u00e9s, Vithas, Repsol, MMT Seguros, Altafit, Mediapro... Mas n\u00e3o s\u00f3 com grandes empresas, s\u00e3o tamb\u00e9m PME e as microPME s\u00e3o muito importantes, pois representam 99% do tecido empresarial espanhol e para eles atrair talento \u00e9 sin\u00f3nimo de melhoria da sua competitividade.<\/p>\n\n\n\n<h4 class=\"wp-block-heading\"><strong><strong><strong>Quais s\u00e3o as contribui\u00e7\u00f5es que o CESUR oferece ao Instituto da Depend\u00eancia?<\/strong><\/strong><\/strong><\/h4>\n\n\n\n<p>O Instituto da Depend\u00eancia \u00e9 a liga\u00e7\u00e3o entre as empresas do setor socio-sanit\u00e1rio e da sa\u00fade que procuram talentos e o CESUR como entidade formadora desses talentos. O CESUR contribui preparando os alunos com as compet\u00eancias pr\u00e1ticas os conhecimentos te\u00f3ricos necess\u00e1rios para prestar servi\u00e7os de qualidade onde quer que exer\u00e7am a sua atividade profissional. No CESUR garantimos que os alunos terminem os seus estudos melhor preparados para responder \u00e0 procura do setor.<\/p>\n\n\n\n<h4 class=\"wp-block-heading\"><strong><strong><strong><strong>Quais as principais altera\u00e7\u00f5es apresentadas pelas novas regulamenta\u00e7\u00f5es da Lei da Forma\u00e7\u00e3o Profissional?<\/strong><\/strong><\/strong><\/strong><\/h4>\n\n\n\n<p>Para tentar resumir, podemos dizer que a principal novidade \u00e9 a dualiza\u00e7\u00e3o da Forma\u00e7\u00e3o Profissional. Com esta nova Lei, toda a forma\u00e7\u00e3o profissional adquire, em maior ou menor medida, um duplo car\u00e1cter.&nbsp;<\/p>\n\n\n\n<p>No CESUR oferecemos programas duais desde o ano letivo de 2019 e de facto, h\u00e1 j\u00e1 alguns anos, uma parte dos nossos centros oferecem toda a sua Forma\u00e7\u00e3o Profissional presencial em modalidade dual. No CESUR sempre opt\u00e1mos pela forma\u00e7\u00e3o dual, parece que a nova legisla\u00e7\u00e3o corrobora esse caminho que iniciamos em 2019. Outra grande modifica\u00e7\u00e3o \u00e9 a adapta\u00e7\u00e3o curricular, que inclui novos m\u00f3dulos relacionados com empregabilidade, sustentabilidade e digitaliza\u00e7\u00e3o.<\/p>\n\n\n\n<h4 class=\"wp-block-heading\"><strong><strong><strong><strong>\u00bf<strong><strong><strong><strong><strong>Quais considera serem os maiores benef\u00edcios de participar num programa Dual FP tanto para estudantes como para empresas?<\/strong><\/strong><\/strong><\/strong><\/strong>?<\/strong><\/strong><\/strong><\/strong><\/h4>\n\n\n\n<p>As vantagens para os alunos s\u00e3o claras: aumenta o tempo de forma\u00e7\u00e3o numa empresa ou entidades colaboradoras, o que implica um maior tempo de contacto com a realidade de cada setor. Esse maior tempo de forma\u00e7\u00e3o permite que as empresas colaborem nos processos de aprendizagem, fazendo com que o aluno aumente sua empregabilidade.&nbsp;<\/p>\n\n\n\n<p>O grande benef\u00edcio para as empresas \u00e9 claro, esta participa\u00e7\u00e3o na forma\u00e7\u00e3o dos seus futuros profissionais permite-lhes obter futuros trabalhadores perfeitamente adaptados \u00e0s suas necessidades.\u00a0<\/p>\n\n\n\n<p><\/p>\n\n\n\n<figure class=\"wp-block-image aligncenter size-full\"><a href=\"https:\/\/www.cesurformacion.com\/\" target=\"_blank\" rel=\"noreferrer noopener\"><img decoding=\"async\" width=\"950\" height=\"150\" src=\"http:\/\/institutodependencia.edu.es\/wp-content\/uploads\/2024\/06\/Banner-CESUR-950x150-004-banner-nuevo.jpg\" alt=\"\" class=\"wp-image-6331\" srcset=\"https:\/\/institutodependencia.edu.es\/wp-content\/uploads\/2024\/06\/Banner-CESUR-950x150-004-banner-nuevo.jpg 950w, https:\/\/institutodependencia.edu.es\/wp-content\/uploads\/2024\/06\/Banner-CESUR-950x150-004-banner-nuevo-300x47.jpg 300w, https:\/\/institutodependencia.edu.es\/wp-content\/uploads\/2024\/06\/Banner-CESUR-950x150-004-banner-nuevo-768x121.jpg 768w, https:\/\/institutodependencia.edu.es\/wp-content\/uploads\/2024\/06\/Banner-CESUR-950x150-004-banner-nuevo-18x3.jpg 18w, https:\/\/institutodependencia.edu.es\/wp-content\/uploads\/2024\/06\/Banner-CESUR-950x150-004-banner-nuevo-600x95.jpg 600w, https:\/\/institutodependencia.edu.es\/wp-content\/uploads\/2024\/06\/Banner-CESUR-950x150-004-banner-nuevo-64x10.jpg 64w\" sizes=\"(max-width: 950px) 100vw, 950px\" \/><\/a><\/figure>\n\n\n\n<h4 class=\"wp-block-heading\"><\/h4>","protected":false},"excerpt":{"rendered":"<p>CESUR se posiciona como un referente destacado en el \u00e1mbito de la Formaci\u00f3n Profesional en Espa\u00f1a, ofreciendo m\u00e1s de 20 a\u00f1os de experiencia y un cat\u00e1logo educativo diversificado que abarca m\u00e1s de 100 titulaciones. Tanto en modalidad presencial como a distancia, CESUR se distingue por la calidad y la oficialidad de sus programas formativos, que [&hellip;]<\/p>\n","protected":false},"author":4,"featured_media":6519,"comment_status":"open","ping_status":"open","sticky":false,"template":"","format":"standard","meta":{"_jf_limit_responses":"","footnotes":""},"categories":[24],"tags":[],"class_list":["post-6513","post","type-post","status-publish","format-standard","has-post-thumbnail","hentry","category-actualidad"],"_links":{"self":[{"href":"https:\/\/institutodependencia.edu.es\/pt\/wp-json\/wp\/v2\/posts\/6513","targetHints":{"allow":["GET"]}}],"collection":[{"href":"https:\/\/institutodependencia.edu.es\/pt\/wp-json\/wp\/v2\/posts"}],"about":[{"href":"https:\/\/institutodependencia.edu.es\/pt\/wp-json\/wp\/v2\/types\/post"}],"author":[{"embeddable":true,"href":"https:\/\/institutodependencia.edu.es\/pt\/wp-json\/wp\/v2\/users\/4"}],"replies":[{"embeddable":true,"href":"https:\/\/institutodependencia.edu.es\/pt\/wp-json\/wp\/v2\/comments?post=6513"}],"version-history":[{"count":23,"href":"https:\/\/institutodependencia.edu.es\/pt\/wp-json\/wp\/v2\/posts\/6513\/revisions"}],"predecessor-version":[{"id":6716,"href":"https:\/\/institutodependencia.edu.es\/pt\/wp-json\/wp\/v2\/posts\/6513\/revisions\/6716"}],"wp:featuredmedia":[{"embeddable":true,"href":"https:\/\/institutodependencia.edu.es\/pt\/wp-json\/wp\/v2\/media\/6519"}],"wp:attachment":[{"href":"https:\/\/institutodependencia.edu.es\/pt\/wp-json\/wp\/v2\/media?parent=6513"}],"wp:term":[{"taxonomy":"category","embeddable":true,"href":"https:\/\/institutodependencia.edu.es\/pt\/wp-json\/wp\/v2\/categories?post=6513"},{"taxonomy":"post_tag","embeddable":true,"href":"https:\/\/institutodependencia.edu.es\/pt\/wp-json\/wp\/v2\/tags?post=6513"}],"curies":[{"name":"wp","href":"https:\/\/api.w.org\/{rel}","templated":true}]}}