{"id":4109,"date":"2023-09-07T16:21:10","date_gmt":"2023-09-07T16:21:10","guid":{"rendered":"https:\/\/www.institutodependencia.edu.es\/?p=4109"},"modified":"2024-04-22T07:45:47","modified_gmt":"2024-04-22T07:45:47","slug":"desafios-y-claves-de-la-conciliacion-laboral-al-cuidar-de-un-familiar-mayor","status":"publish","type":"post","link":"https:\/\/institutodependencia.edu.es\/pt\/desafios-y-claves-de-la-conciliacion-laboral-al-cuidar-de-un-familiar-mayor\/","title":{"rendered":"Desafios e chaves para o equil\u00edbrio entre vida pessoal e profissional ao cuidar de um familiar idoso"},"content":{"rendered":"<p><p>O aumento da esperan\u00e7a de vida e o envelhecimento da popula\u00e7\u00e3o colocam novos desafios \u00e0 sociedade, e um dos mais prementes \u00e9 o <strong>Concilia\u00e7\u00e3o laboral no cuidado de um familiar<\/strong> <strong>idoso<\/strong>. Neste contexto, muitas fam\u00edlias enfrentam o desafio de encontrar um equil\u00edbrio entre as responsabilidades profissionais e as tarefas de cuidados.<\/p>Neste artigo exploraremos a situa\u00e7\u00e3o dos cuidadores em Espanha, o <strong>medidas de concilia\u00e7\u00e3o de trabalho dispon\u00edveis<\/strong> e a import\u00e2ncia da capacita\u00e7\u00e3o dos cuidadores familiares.<\/p>\n\n\n\n<h2 class=\"wp-block-heading\"><strong>A situa\u00e7\u00e3o dos cuidadores em Espanha<\/strong><\/h2>\n\n\n\n<p><p><a href=\"https:\/\/plennio.com\/\" target=\"_blank\" rel=\"noreferrer noopener\">Plen\u00e1rio<\/a> realizou uma pesquisa com 500 pessoas entre 50 e 65 anos para definir <strong>o perfil do cuidador respons\u00e1vel por idosos com depend\u00eancia<\/strong>. Segundo o estudo, os 50% de idosos dependentes cuidam de si mesmos com a ajuda do n\u00facleo familiar, principalmente dos filhos e filhas.<\/p>Dentro do n\u00facleo familiar, <strong>S\u00e3o as crian\u00e7as (33%) que mais desempenham esse papel<\/strong>, seguido do companheiro ou c\u00f4njuge (19%) e dos servi\u00e7os externos (18%), como resid\u00eancias, centros de dia ou auxiliares.<br><p>\u00a0Da mesma forma, o estudo revela que <strong>o 63% das crian\u00e7as encarregadas de cuidar de um idoso est\u00e1 trabalhando<\/strong>. Ou seja, a maioria dos cuidadores familiares s\u00e3o for\u00e7ados a combinar as suas responsabilidades profissionais com as responsabilidades de cuidado.<\/p><\/p>\n\n\n\n<p><p>Em resumo, estes dados reflectem a necessidade urgente de abordar o <strong>Desafios econ\u00f3micos e laborais enfrentados pelos cuidadores familiares em Espanha<\/strong>.<\/p><\/p>\n\n\n\n<h2 class=\"wp-block-heading\"><strong>Import\u00e2ncia da capacita\u00e7\u00e3o para cuidadores familiares<\/strong><\/h2>\n\n\n\n<p><p>Cuidar de um idoso \u00e9 uma tarefa complexa que requer compet\u00eancias espec\u00edficas. Neste sentido, uma forma\u00e7\u00e3o adequada pode fornecer as t\u00e9cnicas e conhecimentos necess\u00e1rios para proporcionar uma <strong>atendimento de qualidade e garantia de bem-estar<\/strong> <strong>do idoso e cuidador<\/strong>.<\/p><\/p>\n\n\n\n<p><p>Especificamente, estes s\u00e3o alguns dos <strong>habilidades que podem ser adquiridas por meio de treinamento<\/strong>:<\/p><\/p>\n\n\n\n<ul class=\"wp-block-list\">\n<li><strong>Gest\u00e3o de mobilidade:<\/strong> aprender t\u00e9cnicas seguras para ajudar o idoso a se movimentar, evitando les\u00f5es tanto para o cuidador quanto para o destinat\u00e1rio do cuidado.<\/li>\n\n\n\n<li><strong>Manejo de doen\u00e7as cr\u00f4nicas:<\/strong> adquirir conhecimentos sobre sintomas, tratamentos e cuidados espec\u00edficos para doen\u00e7as comuns em idosos.<\/li>\n\n\n\n<li><strong>Preven\u00e7\u00e3o e manejo de quedas:<\/strong> identificar e minimizar riscos em casa, bem como saber como agir em caso de queda.<\/li>\n\n\n\n<li><strong>Comida e nutri\u00e7\u00e3o:<\/strong> aprender a preparar refei\u00e7\u00f5es equilibradas, adaptadas \u00e0s necessidades nutricionais dos idosos.<\/li>\n\n\n\n<li><strong>Comunica\u00e7\u00e3o efetiva:<\/strong> desenvolver habilidades para interagir com os idosos de forma respeitosa, compreensiva e emp\u00e1tica.<\/li>\n\n\n\n<li><strong>Estimula\u00e7\u00e3o cognitiva e atividades recreativas:<\/strong> adquirir t\u00e9cnicas para manter a mente do idoso ativa por meio de atividades que estimulem a mem\u00f3ria e a cogni\u00e7\u00e3o.<\/li>\n\n\n\n<li><strong>Gerenciando problemas comportamentais:<\/strong> aprenda a reconhecer e gerenciar comportamentos dif\u00edceis ou desafiadores que podem surgir devido a condi\u00e7\u00f5es m\u00e9dicas ou emocionais.<\/li>\n\n\n\n<li><strong>Gest\u00e3o de equipamentos m\u00e9dicos:<\/strong> aprender a utilizar e auxiliar dispositivos m\u00e9dicos como cadeiras de rodas, andadores, oxig\u00eanio, entre outros.<\/li>\n\n\n\n<li><strong>Treinamento de autocuidado<\/strong>: aprender t\u00e9cnicas e estrat\u00e9gias de autocuidado e gerenciamento do estresse, promovendo a sa\u00fade f\u00edsica e emocional do cuidador.<\/li>\n<\/ul>\n\n\n\n<figure class=\"wp-block-image aligncenter size-full\"><img fetchpriority=\"high\" decoding=\"async\" width=\"950\" height=\"150\" src=\"https:\/\/institutodependencia.edu.es\/wp-content\/uploads\/2024\/04\/Banner-Programa-Psicoafectivo.jpg\" alt=\"\" class=\"wp-image-5647\" srcset=\"https:\/\/institutodependencia.edu.es\/wp-content\/uploads\/2024\/04\/Banner-Programa-Psicoafectivo.jpg 950w, https:\/\/institutodependencia.edu.es\/wp-content\/uploads\/2024\/04\/Banner-Programa-Psicoafectivo-300x47.jpg 300w, https:\/\/institutodependencia.edu.es\/wp-content\/uploads\/2024\/04\/Banner-Programa-Psicoafectivo-768x121.jpg 768w, https:\/\/institutodependencia.edu.es\/wp-content\/uploads\/2024\/04\/Banner-Programa-Psicoafectivo-600x95.jpg 600w\" sizes=\"(max-width: 950px) 100vw, 950px\" \/><\/figure>\n\n\n\n<p>Gra\u00e7as a essas habilidades, os cuidadores familiares podem <strong>abordar situa\u00e7\u00f5es de cuidados de forma mais eficaz e segura<\/strong>. Assim, \u00e9 poss\u00edvel melhorar a qualidade de vida do idoso e prevenir dist\u00farbios como <a href=\"https:\/\/institutodependencia.edu.es\/pt\/autocuidado-y-programas-de-apoyo-para-evitar-el-sindrome-del-cuidador-quemado\/\" target=\"_blank\" rel=\"noreferrer noopener\">S\u00edndrome de burnout do cuidador<\/a>.<br><p>\u00a0<\/p><\/p>\n\n\n\n<h2 class=\"wp-block-heading\"><strong>Medidas de concilia\u00e7\u00e3o laboral no cuidado de familiar<\/strong> <strong>idoso<\/strong><\/h2>\n\n\n\n<p><p>O equil\u00edbrio entre vida profissional e pessoal ao cuidar de um familiar \u00e9 essencial para que os cuidadores possam desempenhar o seu papel de forma eficaz. Em Espanha existem v\u00e1rios <strong>medidas que procuram facilitar esta concilia\u00e7\u00e3o<\/strong>.<\/p><\/p>\n\n\n\n<p><p>Abaixo, mostramos alguns dos principais<strong> medidas de concilia\u00e7\u00e3o laboral <\/strong>ao cuidar de um familiar idoso.<\/p><\/p>\n\n\n\n<h3 class=\"wp-block-heading\"><strong>Redu\u00e7\u00e3o do hor\u00e1rio de trabalho<\/strong><\/h3>\n\n\n\n<p><p>Esta medida permite aos trabalhadores cuidadores <strong>reduza suas horas de trabalho para fornecer mais tempo para cuidados<\/strong>, o que significa redu\u00e7\u00e3o de sal\u00e1rio, mas n\u00e3o perda de emprego.<\/p><\/p>\n\n\n\n<p><p>Embora n\u00e3o seja estritamente necess\u00e1rio um motivo para solicitar uma redu\u00e7\u00e3o do hor\u00e1rio de trabalho, <strong>Os funcion\u00e1rios t\u00eam direito a esta medida para cuidar de um familiar pr\u00f3ximo<\/strong>, at\u00e9 o segundo grau de consanguinidade ou afinidade, que n\u00e3o se sustenta por si s\u00f3.<\/p><\/p>\n\n\n\n<p><p>De acordo com o Estatuto dos Trabalhadores, os trabalhadores assalariados podem solicit\u00e1-lo <strong>enviar uma carta ao empregador com quinze dias de anteced\u00eancia<\/strong>.<\/p><\/p>\n\n\n\n<h3 class=\"wp-block-heading\"><strong>Licen\u00e7a remunerada para cuidados familiares<\/strong><\/h3>\n\n\n\n<p><p>Os trabalhadores t\u00eam o direito de <strong>licen\u00e7a remunerada para tratar de assuntos relacionados ao cuidado de um familiar<\/strong>, incluindo consultas m\u00e9dicas e emerg\u00eancias.<\/p><p>Nesse sentido, essas permiss\u00f5es ajudam a gerenciar situa\u00e7\u00f5es imprevistas.<\/p><\/p>\n\n\n\n<h3 class=\"wp-block-heading\"><strong>Licen\u00e7a para assist\u00eancia a pessoas dependentes<\/strong><\/h3>\n\n\n\n<p><p>A licen\u00e7a permite que os trabalhadores cuidadores tenham um <strong>per\u00edodo de tempo sem remunera\u00e7\u00e3o para se dedicar integralmente ao cuidado do idoso<\/strong> que, por qualquer motivo, n\u00e3o consegue cuidar de si mesma.<\/p><\/p>\n\n\n\n<p><p>No caso de licen\u00e7a para assist\u00eancia a familiares, at\u00e9 ao segundo grau de consanguinidade ou afinidade, que por motivos de idade, acidente, doen\u00e7a ou invalidez n\u00e3o possam cuidar de si pr\u00f3prios e n\u00e3o exer\u00e7am actividade remunerada, esta licen\u00e7a tem um <strong>dura\u00e7\u00e3o m\u00e1xima de dois anos<\/strong>. Durante este per\u00edodo, mant\u00eam-se direitos como a frequ\u00eancia em cursos de forma\u00e7\u00e3o profissional e a reserva de emprego.<\/p><\/p>\n\n\n\n<figure class=\"wp-block-image size-full\"><img decoding=\"async\" src=\"https:\/\/www.institutodependencia.edu.es\/wp-content\/uploads\/2023\/09\/Cuidadores-familiares-II.jpg\" alt=\"Hija cuidando de su madre durante una excedencia para la conciliaci\u00f3n laboral al cuidar de un familiar mayor\" class=\"wp-image-4110\"\/><figcaption class=\"wp-element-caption\">Embora a licen\u00e7a implique um sacrif\u00edcio econ\u00f3mico, \u00e9 uma medida que proporciona a flexibilidade necess\u00e1ria para o equil\u00edbrio entre vida pessoal e profissional no cuidado de um familiar idoso.<\/figcaption><\/figure>\n\n\n\n<h3 class=\"wp-block-heading\"><strong>Teletrabalho<\/strong><\/h3>\n\n\n\n<p><p>Incentivar o teletrabalho permite que os cuidadores familiares administrem o seu tempo de forma mais eficiente, pois podem <strong>combine suas responsabilidades de trabalho com responsabilidades de cuidado<\/strong> sem precisar viajar.<\/p><\/p>\n\n\n\n<p><p>Para al\u00e9m do teletrabalho, ter um <strong>hor\u00e1rios de trabalho flex\u00edveis de entrada e sa\u00edda ou dias comprimidos<\/strong> Ajuda a adaptar os hor\u00e1rios de trabalho para que n\u00e3o coincidam com as necessidades de cuidados do idoso.<\/p><\/p>\n\n\n\n<h3 class=\"wp-block-heading\"><strong>Concilia\u00e7\u00e3o negociada<\/strong><\/h3>\n\n\n\n<p><p>A concilia\u00e7\u00e3o negociada \u00e9 um processo atrav\u00e9s do qual o empregador e o empregado concordam<strong> solu\u00e7\u00f5es personalizadas que atendem \u00e0s necessidades de ambas as partes<\/strong>. No contexto do cuidado de um idoso, isto implica um di\u00e1logo aberto e construtivo entre o cuidador e o empregador para encontrar modalidades de trabalho que permitam cumprir as responsabilidades profissionais sem descurar o cuidado do idoso.<\/p><\/p>\n\n\n\n<p>Esta medida, baseada na comunica\u00e7\u00e3o e na flexibilidade, \u00e9 essencial para encontrar <strong>solu\u00e7\u00f5es adaptadas \u00e0s circunst\u00e2ncias individuais de cada cuidador<\/strong>.<\/p>","protected":false},"excerpt":{"rendered":"<p>La creciente esperanza de vida y el envejecimiento de la poblaci\u00f3n plantean nuevos desaf\u00edos para la sociedad, y uno de los m\u00e1s apremiantes es la conciliaci\u00f3n laboral al cuidar de un familiar mayor. En este contexto, muchas familias se enfrentan al reto de encontrar el equilibrio entre las responsabilidades laborales y las tareas de cuidado. [&hellip;]<\/p>\n","protected":false},"author":3,"featured_media":5364,"comment_status":"open","ping_status":"open","sticky":false,"template":"","format":"standard","meta":{"_jf_limit_responses":"","footnotes":""},"categories":[23],"tags":[],"class_list":["post-4109","post","type-post","status-publish","format-standard","has-post-thumbnail","hentry","category-blog"],"_links":{"self":[{"href":"https:\/\/institutodependencia.edu.es\/pt\/wp-json\/wp\/v2\/posts\/4109","targetHints":{"allow":["GET"]}}],"collection":[{"href":"https:\/\/institutodependencia.edu.es\/pt\/wp-json\/wp\/v2\/posts"}],"about":[{"href":"https:\/\/institutodependencia.edu.es\/pt\/wp-json\/wp\/v2\/types\/post"}],"author":[{"embeddable":true,"href":"https:\/\/institutodependencia.edu.es\/pt\/wp-json\/wp\/v2\/users\/3"}],"replies":[{"embeddable":true,"href":"https:\/\/institutodependencia.edu.es\/pt\/wp-json\/wp\/v2\/comments?post=4109"}],"version-history":[{"count":2,"href":"https:\/\/institutodependencia.edu.es\/pt\/wp-json\/wp\/v2\/posts\/4109\/revisions"}],"predecessor-version":[{"id":5648,"href":"https:\/\/institutodependencia.edu.es\/pt\/wp-json\/wp\/v2\/posts\/4109\/revisions\/5648"}],"wp:featuredmedia":[{"embeddable":true,"href":"https:\/\/institutodependencia.edu.es\/pt\/wp-json\/wp\/v2\/media\/5364"}],"wp:attachment":[{"href":"https:\/\/institutodependencia.edu.es\/pt\/wp-json\/wp\/v2\/media?parent=4109"}],"wp:term":[{"taxonomy":"category","embeddable":true,"href":"https:\/\/institutodependencia.edu.es\/pt\/wp-json\/wp\/v2\/categories?post=4109"},{"taxonomy":"post_tag","embeddable":true,"href":"https:\/\/institutodependencia.edu.es\/pt\/wp-json\/wp\/v2\/tags?post=4109"}],"curies":[{"name":"wp","href":"https:\/\/api.w.org\/{rel}","templated":true}]}}