{"id":3318,"date":"2023-01-03T10:37:21","date_gmt":"2023-01-03T10:37:21","guid":{"rendered":"https:\/\/www.institutodependencia.edu.es\/?p=3318"},"modified":"2024-04-18T12:54:49","modified_gmt":"2024-04-18T12:54:49","slug":"instituto-dependencia-2022-mas-de-cien-cursos","status":"publish","type":"post","link":"https:\/\/institutodependencia.edu.es\/pt\/instituto-dependencia-2022-mas-de-cien-cursos\/","title":{"rendered":"O Instituto da Depend\u00eancia fecha 2022 com oferta formativa de mais de cem cursos"},"content":{"rendered":"<p>Desde a sua funda\u00e7\u00e3o, o <a href=\"https:\/\/institutodependencia.edu.es\/pt\/\" target=\"_blank\" rel=\"noopener noreferrer nofollow\">Instituto da Depend\u00eancia<\/a> cresceu com o objetivo de ser um portal de forma\u00e7\u00e3o l\u00edder no setor assistencial, assistencial e outras \u00e1reas s\u00f3cio-sa\u00fade.<\/p>\n\n\n\n<p>Em menos de um ano, avan\u00e7amos na oferta de cursos e na confian\u00e7a que fornecedores e profissionais depositaram em n\u00f3s. Por isso celebramos o nosso primeiro Natal, agradecendo o apoio e com o prop\u00f3sito de continuar a crescer em 2023.<\/p>\n\n\n\n<figure class=\"wp-block-embed is-type-video is-provider-vimeo wp-block-embed-vimeo wp-embed-aspect-16-9 wp-has-aspect-ratio\"><div class=\"wp-block-embed__wrapper\">\n<iframe title=\"Sauda\u00e7\u00f5es de Natal 2022 | Instituto da Depend\u00eancia\" src=\"https:\/\/player.vimeo.com\/video\/783218218?h=0f27b2f6da&amp;dnt=1&amp;app_id=122963\" width=\"800\" height=\"450\" frameborder=\"0\" allow=\"autoplay; fullscreen; picture-in-picture; clipboard-write\"><\/iframe>\n<\/div><\/figure>\n\n\n\n<h2 class=\"wp-block-heading\"><strong>Os novos projetos do Instituto da Depend\u00eancia para 2023<\/strong><\/h2>\n\n\n\n<p>Como referimos, o nosso objetivo \u00e9 ser uma entidade de refer\u00eancia no setor da depend\u00eancia. Para isso, al\u00e9m de continuar a aumentar a nossa oferta formativa, iniciamos 2023 com novos e entusiasmantes projetos.<\/p>\n\n\n\n<p>Neste sentido, al\u00e9m de continuar a aumentar a sua oferta formativa, o Instituto da Depend\u00eancia est\u00e1 a implementar uma s\u00e9rie de a\u00e7\u00f5es para continuar a crescer e a oferecer o seu apoio ao setor.<\/p>\n\n\n\n<p>Para iniciar o ano, ser\u00e3o realizados dois projetos focados na assist\u00eancia a centros sociais e de sa\u00fade:<\/p>\n\n\n\n<ul class=\"wp-block-list\">\n<li>Apoio para certifica\u00e7\u00e3o como Espa\u00e7os Cardioprotegidos.<\/li>\n\n\n\n<li>Servi\u00e7o de comunica\u00e7\u00e3o e marketing para apoiar a sua visibilidade no setor, atrav\u00e9s da gest\u00e3o das suas redes sociais.<\/li>\n<\/ul>\n\n\n\n<p>Se voc\u00ea estiver interessado em alguma dessas propostas, entre em contato <a href=\"https:\/\/institutodependencia.edu.es\/pt\/contactar\/\" target=\"_blank\" rel=\"noopener noreferrer nofollow\">contato<\/a> conosco e lhe daremos mais informa\u00e7\u00f5es.<\/p>\n\n\n\n<p>Da mesma forma, Katia L\u00e9rida, respons\u00e1vel pelo Desenvolvimento do Instituto da Depend\u00eancia, falou sobre como tem sido 2022 para a plataforma e os restantes prop\u00f3sitos para este novo ano no artigo do Inforesidencias, \u201c<a href=\"https:\/\/dependencia.info\/noticia\/5792\/actualidad\/mas-de-100-cursos-publicados-en-el-instituto-de-la-dependencia-antes-del-ano.html\" target=\"_blank\" rel=\"noopener noreferrer nofollow\">Mais de 100 cursos publicados no Instituto da Depend\u00eancia antes do ano<\/a>\u201d.<\/p>","protected":false},"excerpt":{"rendered":"<p>Desde su fundaci\u00f3n, el Instituto de la Dependencia ha crecido con el objetivo de ser un portal de formaci\u00f3n referente en el sector de la atenci\u00f3n, los cuidados y otros \u00e1mbitos sociosanitarios. En menos de un a\u00f1o, hemos avanzado en nuestra oferta de cursos y en la confianza que los proveedores y los profesionales han [&hellip;]<\/p>\n","protected":false},"author":3,"featured_media":5437,"comment_status":"open","ping_status":"open","sticky":false,"template":"","format":"standard","meta":{"_jf_limit_responses":"","footnotes":""},"categories":[24],"tags":[],"class_list":["post-3318","post","type-post","status-publish","format-standard","has-post-thumbnail","hentry","category-actualidad"],"_links":{"self":[{"href":"https:\/\/institutodependencia.edu.es\/pt\/wp-json\/wp\/v2\/posts\/3318","targetHints":{"allow":["GET"]}}],"collection":[{"href":"https:\/\/institutodependencia.edu.es\/pt\/wp-json\/wp\/v2\/posts"}],"about":[{"href":"https:\/\/institutodependencia.edu.es\/pt\/wp-json\/wp\/v2\/types\/post"}],"author":[{"embeddable":true,"href":"https:\/\/institutodependencia.edu.es\/pt\/wp-json\/wp\/v2\/users\/3"}],"replies":[{"embeddable":true,"href":"https:\/\/institutodependencia.edu.es\/pt\/wp-json\/wp\/v2\/comments?post=3318"}],"version-history":[{"count":1,"href":"https:\/\/institutodependencia.edu.es\/pt\/wp-json\/wp\/v2\/posts\/3318\/revisions"}],"predecessor-version":[{"id":5438,"href":"https:\/\/institutodependencia.edu.es\/pt\/wp-json\/wp\/v2\/posts\/3318\/revisions\/5438"}],"wp:featuredmedia":[{"embeddable":true,"href":"https:\/\/institutodependencia.edu.es\/pt\/wp-json\/wp\/v2\/media\/5437"}],"wp:attachment":[{"href":"https:\/\/institutodependencia.edu.es\/pt\/wp-json\/wp\/v2\/media?parent=3318"}],"wp:term":[{"taxonomy":"category","embeddable":true,"href":"https:\/\/institutodependencia.edu.es\/pt\/wp-json\/wp\/v2\/categories?post=3318"},{"taxonomy":"post_tag","embeddable":true,"href":"https:\/\/institutodependencia.edu.es\/pt\/wp-json\/wp\/v2\/tags?post=3318"}],"curies":[{"name":"wp","href":"https:\/\/api.w.org\/{rel}","templated":true}]}}