{"id":4161,"date":"2023-09-27T11:59:41","date_gmt":"2023-09-27T11:59:41","guid":{"rendered":"https:\/\/www.institutodependencia.edu.es\/?p=4161"},"modified":"2024-04-19T09:34:08","modified_gmt":"2024-04-19T09:34:08","slug":"xviii-jornadas-de-cuidados-paliativos-4-y-5-de-octubre","status":"publish","type":"post","link":"http:\/\/institutodependencia.edu.es\/pt\/xviii-jornadas-de-cuidados-paliativos-4-y-5-de-octubre\/","title":{"rendered":"XVIII Confer\u00eancia de Cuidados Paliativos, 4 e 5 de outubro"},"content":{"rendered":"<p><p>A data do <strong>XVIII Confer\u00eancia de Cuidados Paliativos<\/strong> organizado pela <a href=\"https:\/\/www.humanizar.es\/\" target=\"_blank\" rel=\"noopener noreferrer nofollow\">Centro de Humaniza\u00e7\u00e3o em Sa\u00fade<\/a> e o Centro de Assist\u00eancia San Camilo. Estas sess\u00f5es, marcadas para os dias <strong>4 e 5 de outubro de 2023<\/strong>, prometem ser um evento imperd\u00edvel para especialistas e profissionais do setor social e da sa\u00fade.<\/p><\/p>\n\n\n\n<p>De facto, a confer\u00eancia conta com o apoio e subs\u00eddio do Minist\u00e9rio da Fam\u00edlia, Juventude e Pol\u00edtica Social da Comunidade de Madrid, o que permite que este evento de vital import\u00e2ncia seja realizado <strong>totalmente gratuito para participantes<\/strong>.<\/p>\n\n\n\n<h2 class=\"wp-block-heading\"><strong>Programa das XVIII Confer\u00eancias de Cuidados Paliativos<\/strong><\/h2>\n\n\n\n<p><p>Ap\u00f3s a cerim\u00f3nia de abertura, a confer\u00eancia come\u00e7a com a confer\u00eancia \u201cCultura Paliativa e Modelo de Cuidados Paliativos em Espanha\u201d, oferecendo uma <strong>vis\u00e3o panor\u00e2mica dos avan\u00e7os e desafios no campo dos cuidados paliativos<\/strong> em nosso pais.<\/p><\/p>\n\n\n\n<p><p>Durante os dois dias do evento, uma s\u00e9rie de oficinas e atividades destinadas a <strong>promover a excel\u00eancia no atendimento a pacientes gravemente enfermos<\/strong>. Dentre estes, destacam-se temas como o manejo do desejo antecipado de morte, o aprender a dizer adeus, a atualiza\u00e7\u00e3o na abordagem dos sintomas refrat\u00e1rios e a import\u00e2ncia da antropologia da morte no acompanhamento final.<\/p><\/p>\n\n\n\n<p><p>Quanto ao segundo dia, come\u00e7ar\u00e1 com a confer\u00eancia \u201cHumano Hondurenho\u201d, uma explora\u00e7\u00e3o da profundidade do ser humano no contexto dos cuidados paliativos. Posteriormente, as oficinas e atividades especializadas continuar\u00e3o.<\/p><\/p>\n\n\n\n<p><p>No encerramento das atividades ser\u00e1 realizada a confer\u00eancia \u201cSan Camilo y la Buena Muerte\u201d, protagonizada <strong>Jos\u00e9 Carlos Bermejo<\/strong>, diretor do Centro San Camilo. Posteriormente, o <strong>Comemora\u00e7\u00e3o do Dia Mundial dos Cuidados Paliativos<\/strong>, onde ser\u00e1 apresentado o manifesto do Centro San Camilo.<\/p><\/p>\n\n\n\n<p>Com foco na humaniza\u00e7\u00e3o da assist\u00eancia social e de sa\u00fade, <strong>XVIII Confer\u00eancia de Cuidados Paliativos<\/strong> eles prometem <a href=\"http:\/\/institutodependencia.edu.es\/pt\/xvii-jornadas-de-familia-y-cuidados-paliativos\/\" target=\"_blank\" rel=\"noopener noreferrer nofollow\">estar de novo<\/a> refer\u00eancias na forma\u00e7\u00e3o e reflex\u00e3o sobre cuidados de fim de vida.<\/p>\n\n\n\n<h2 class=\"wp-block-heading\"><strong>Como registrar?<\/strong><\/h2>\n\n\n\n<p><p>Embora o evento seja presencial, quem n\u00e3o comparecer fisicamente poder\u00e1 <strong>acompanhe os dias online<\/strong> atrav\u00e9s do canal do Centro no YouTube.<\/p><\/p>\n\n\n\n<p><p>Presencialmente, as sess\u00f5es <strong>Eles s\u00e3o realizados no Centro San Camilo<\/strong> (c\/ Setor Escultores 39. 28760 Tr\u00eas Cantos) das 16h \u00e0s 20h, ambos os dias.<\/p><\/p>\n\n\n\n<p><p><a href=\"https:\/\/www.humanizar.es\/formulario-de-inscripcion?item=773&amp;cHash=319b9d97e422b6853cd448ecb79da50b\" target=\"_blank\" rel=\"noopener noreferrer nofollow\">Inscri\u00e7\u00f5es presenciais<\/a><\/p><\/p>\n\n\n\n<p><a href=\"https:\/\/www.humanizar.es\/formulario-de-inscripcion?item=774&amp;cHash=ecca2dd1f960b787afa7b370b4aa5d3d\" target=\"_blank\" rel=\"noopener noreferrer nofollow\">Registro online<\/a><\/p>","protected":false},"excerpt":{"rendered":"<p>Se acerca la fecha de las XVIII Jornadas de Cuidados Paliativos organizadas por el Centro de Humanizaci\u00f3n de la Salud y el Centro Asistencial San Camilo. Estas jornadas, programadas para los d\u00edas 4 y 5 de octubre de 2023, prometen ser un evento imperdible para expertos y profesionales del sector sociosanitario. De hecho, las jornadas [&hellip;]<\/p>\n","protected":false},"author":3,"featured_media":5360,"comment_status":"open","ping_status":"open","sticky":false,"template":"","format":"standard","meta":{"_jf_limit_responses":"","footnotes":""},"categories":[24],"tags":[],"class_list":["post-4161","post","type-post","status-publish","format-standard","has-post-thumbnail","hentry","category-actualidad"],"_links":{"self":[{"href":"http:\/\/institutodependencia.edu.es\/pt\/wp-json\/wp\/v2\/posts\/4161","targetHints":{"allow":["GET"]}}],"collection":[{"href":"http:\/\/institutodependencia.edu.es\/pt\/wp-json\/wp\/v2\/posts"}],"about":[{"href":"http:\/\/institutodependencia.edu.es\/pt\/wp-json\/wp\/v2\/types\/post"}],"author":[{"embeddable":true,"href":"http:\/\/institutodependencia.edu.es\/pt\/wp-json\/wp\/v2\/users\/3"}],"replies":[{"embeddable":true,"href":"http:\/\/institutodependencia.edu.es\/pt\/wp-json\/wp\/v2\/comments?post=4161"}],"version-history":[{"count":2,"href":"http:\/\/institutodependencia.edu.es\/pt\/wp-json\/wp\/v2\/posts\/4161\/revisions"}],"predecessor-version":[{"id":5628,"href":"http:\/\/institutodependencia.edu.es\/pt\/wp-json\/wp\/v2\/posts\/4161\/revisions\/5628"}],"wp:featuredmedia":[{"embeddable":true,"href":"http:\/\/institutodependencia.edu.es\/pt\/wp-json\/wp\/v2\/media\/5360"}],"wp:attachment":[{"href":"http:\/\/institutodependencia.edu.es\/pt\/wp-json\/wp\/v2\/media?parent=4161"}],"wp:term":[{"taxonomy":"category","embeddable":true,"href":"http:\/\/institutodependencia.edu.es\/pt\/wp-json\/wp\/v2\/categories?post=4161"},{"taxonomy":"post_tag","embeddable":true,"href":"http:\/\/institutodependencia.edu.es\/pt\/wp-json\/wp\/v2\/tags?post=4161"}],"curies":[{"name":"wp","href":"https:\/\/api.w.org\/{rel}","templated":true}]}}